{"id":4638,"date":"2020-08-03T11:53:12","date_gmt":"2020-08-03T11:53:12","guid":{"rendered":"https:\/\/blog.protur-hotels.com\/fr\/?p=4638"},"modified":"2020-08-03T11:53:12","modified_gmt":"2020-08-03T11:53:12","slug":"covid-19-des-vacances-en-toute-securite-avec-protur-hotels","status":"publish","type":"post","link":"https:\/\/blog.protur-hotels.com\/fr\/covid-19-des-vacances-en-toute-securite-avec-protur-hotels\/","title":{"rendered":"Covid-19 : des vacances\u00a0en toute s\u00e9curit\u00e9\u00a0avec Protur Hotels\u00a0"},"content":{"rendered":"<p>Il y a des choses qui ne changent jamais :\u202f<strong>chez Protur Hotels nous vous attendons comme toujours avec le sourire<\/strong>. Et\u00a0en raison de la crise du Covid-19 nous voulons, \u00e0 pr\u00e9sent,\u00a0partager avec vous les mesures de s\u00e9curit\u00e9 et d&rsquo;hygi\u00e8ne que nous avons prises pour renforcer la protection des voyageurs\u00a0comme\u00a0vous, afin que\u00a0lorsque vous vous rendrez\u00a0dans l&rsquo;un de nos h\u00f4tels vous ayez\u00a0d\u00e9j\u00e0\u00a0toutes les informations\u00a0et\u00a0que vos vacances soient\u00a0plus\u00a0s\u00fbres\u00a0et paisibles.<\/p>\n<p>Notre protocole de s\u00e9curit\u00e9 et d&rsquo;hygi\u00e8ne\u00a0se base\u00a0sur les recommandations de\u00a0sant\u00e9 et de\u00a0s\u00e9curit\u00e9 que l&rsquo;Organisation Mondiale de la Sant\u00e9 (l&rsquo;OMS) et le Minist\u00e8re de la Sant\u00e9 Espagnol ont\u00a0fix\u00e9es,\u00a0en collaboration avec le docteur Sebasti\u00e1n Cresp\u00ed de l&rsquo;entreprise Biolinea, leader en Espagne en mati\u00e8re de s\u00e9curit\u00e9 alimentaire, de\u00a0gestion\u00a0et\u00a0pr\u00e9vention de risques.<\/p>\n<p><em>Le but de tous ces efforts ?<\/em>\u202fQue vous\u00a0puissiez\u00a0profiter\u00a0comme toujours\u00a0de vos vacances\u00a0en ayant la garantie\u00a0que tout soit s\u00fbr\u00a0et sous contr\u00f4le. \u00c0 ce titre, notre protocole d&rsquo;action pr\u00e9voit, pour vous, les garanties maximales de s\u00e9curit\u00e9\u00a0avec\u00a0une \u00e9quipe de professionnels qui prendra soin de vous et de vos proches.<\/p>\n<p>Quelles mesures ont \u00e9t\u00e9 prises\u00a0pour\u00a0garantir la s\u00e9curit\u00e9 de chacun\u00a0? Le\u00a0<a href=\"https:\/\/protur-hotels.com\/fr\/medidas-covid-19\">plan de Protur Hotels Covid-19\u00a0<\/a>pr\u00e9voit divers protocoles concernant la s\u00e9curit\u00e9, la propret\u00e9, la d\u00e9sinfection, la num\u00e9risation, le contr\u00f4le et la restauration, entre autres.<\/p>\n<p>Protur Hotels travaille sans rel\u00e2che afin d&rsquo;assurer la s\u00e9curit\u00e9 de\u00a0chacun\u00a0et\u00a0vous faire\u00a0profiter de vacances paisibles, avec et sans Covid-19. Les informations que nous mettons \u00e0 votre disposition vous permettent de vous sentir en s\u00e9curit\u00e9 pendant vos voyages, en s\u2019adaptant\u00a0\u00e0\u00a0la nouvelle r\u00e9alit\u00e9.<\/p>\n<p>En outre, nous avons une nouveaut\u00e9 qui rendra votre voyage\u00a0encore\u00a0plus s\u00fbr\u00a0: une\u00a0<strong>assurance assistance voyage<\/strong>.\u00a0Le Groupe Protur Hotels\u00a0offre\u00a0\u00e0 tous ses clients une tranquillit\u00e9 d&rsquo;esprit suppl\u00e9mentaire en cas de raison m\u00e9dicale et ce gratuitement, si vous souscrivez aupr\u00e8s de l&rsquo;assurance ARAG conseill\u00e9e et relay\u00e9e par ExelBroker Grupo Ferrer&amp;Ojeda, une\u00a0<strong>assurance assistance voyage<\/strong>\u00a0pour tous les clients de ses h\u00f4tels qui garantit entre autres une Assistance Sant\u00e9, avec un accompagnement en cas d&rsquo;incident\u00a0<strong>avec jusqu&rsquo;\u00e0 3 500\u20ac par assur\u00e9<\/strong>.<\/p>\n<p>Voyagez l&rsquo;esprit tranquille avec Protur Hotels. Nous vous attendons!<\/p>\n","protected":false},"excerpt":{"rendered":"<p>Il y a des choses qui ne changent jamais :\u202fchez Protur Hotels nous vous attendons comme toujours avec le sourire. Et\u00a0en raison de la crise du Covid-19 nous voulons, \u00e0&hellip;<\/p>\n","protected":false},"author":1,"featured_media":6493,"comment_status":"closed","ping_status":"open","sticky":false,"template":"","format":"standard","meta":{"_lmt_disableupdate":"","_lmt_disable":"","footnotes":""},"categories":[122,920],"tags":[],"class_list":["post-4638","post","type-post","status-publish","format-standard","has-post-thumbnail","hentry","category-protur-hotels-fr","category-saison"],"yoast_head":"<!-- This site is optimized with the Yoast SEO plugin v26.6 - https:\/\/yoast.com\/wordpress\/plugins\/seo\/ -->\n<title>Covid-19 : des vacances\u00a0en toute s\u00e9curit\u00e9\u00a0avec Protur Hotels\u00a0 - Blog Protur Hotels<\/title>\n<meta name=\"description\" content=\"Il y a des choses qui ne changent jamais :\u202fchez Protur Hotels nous vous attendons comme toujours avec le sourire. Et\u00a0en raison de la crise du Covid-19\" \/>\n<meta name=\"robots\" content=\"index, follow, max-snippet:-1, max-image-preview:large, max-video-preview:-1\" \/>\n<link rel=\"canonical\" href=\"https:\/\/blog.protur-hotels.com\/fr\/covid-19-des-vacances-en-toute-securite-avec-protur-hotels\/\" \/>\n<meta property=\"og:locale\" content=\"fr_FR\" \/>\n<meta property=\"og:type\" content=\"article\" \/>\n<meta property=\"og:title\" content=\"Covid-19 : des vacances\u00a0en toute s\u00e9curit\u00e9\u00a0avec Protur Hotels\u00a0 - Blog Protur Hotels\" \/>\n<meta property=\"og:description\" content=\"Il y a des choses qui ne changent jamais :\u202fchez Protur Hotels nous vous attendons comme toujours avec le sourire. Et\u00a0en raison de la crise du Covid-19\" \/>\n<meta property=\"og:url\" content=\"https:\/\/blog.protur-hotels.com\/fr\/covid-19-des-vacances-en-toute-securite-avec-protur-hotels\/\" \/>\n<meta property=\"og:site_name\" content=\"Blog Protur Hotels\" \/>\n<meta property=\"article:published_time\" content=\"2020-08-03T11:53:12+00:00\" \/>\n<meta name=\"author\" content=\"ivandomingo\" \/>\n<meta name=\"twitter:card\" content=\"summary_large_image\" \/>\n<meta name=\"twitter:label1\" content=\"\u00c9crit par\" \/>\n\t<meta name=\"twitter:data1\" content=\"ivandomingo\" \/>\n\t<meta name=\"twitter:label2\" content=\"Dur\u00e9e de lecture estim\u00e9e\" \/>\n\t<meta name=\"twitter:data2\" content=\"2 minutes\" \/>\n<script type=\"application\/ld+json\" class=\"yoast-schema-graph\">{\"@context\":\"https:\/\/schema.org\",\"@graph\":[{\"@type\":\"Article\",\"@id\":\"https:\/\/blog.protur-hotels.com\/fr\/covid-19-des-vacances-en-toute-securite-avec-protur-hotels\/#article\",\"isPartOf\":{\"@id\":\"https:\/\/blog.protur-hotels.com\/fr\/covid-19-des-vacances-en-toute-securite-avec-protur-hotels\/\"},\"author\":{\"name\":\"ivandomingo\",\"@id\":\"https:\/\/blog.protur-hotels.com\/#\/schema\/person\/5e17ee757b097cf1de0203171283b53c\"},\"headline\":\"Covid-19 : des vacances\u00a0en toute s\u00e9curit\u00e9\u00a0avec Protur Hotels\u00a0\",\"datePublished\":\"2020-08-03T11:53:12+00:00\",\"mainEntityOfPage\":{\"@id\":\"https:\/\/blog.protur-hotels.com\/fr\/covid-19-des-vacances-en-toute-securite-avec-protur-hotels\/\"},\"wordCount\":416,\"publisher\":{\"@id\":\"https:\/\/blog.protur-hotels.com\/#organization\"},\"image\":{\"@id\":\"https:\/\/blog.protur-hotels.com\/fr\/covid-19-des-vacances-en-toute-securite-avec-protur-hotels\/#primaryimage\"},\"thumbnailUrl\":\"https:\/\/blog.protur-hotels.com\/wp-content\/uploads\/2020\/08\/COVID-19-VACACIONES-SEGURAS-CON-PROTUR-HOTELS.jpg\",\"articleSection\":[\"Protur Hotels\",\"saison\"],\"inLanguage\":\"fr-FR\"},{\"@type\":\"WebPage\",\"@id\":\"https:\/\/blog.protur-hotels.com\/fr\/covid-19-des-vacances-en-toute-securite-avec-protur-hotels\/\",\"url\":\"https:\/\/blog.protur-hotels.com\/fr\/covid-19-des-vacances-en-toute-securite-avec-protur-hotels\/\",\"name\":\"Covid-19 : des vacances\u00a0en toute s\u00e9curit\u00e9\u00a0avec Protur Hotels\u00a0 - Blog Protur Hotels\",\"isPartOf\":{\"@id\":\"https:\/\/blog.protur-hotels.com\/#website\"},\"primaryImageOfPage\":{\"@id\":\"https:\/\/blog.protur-hotels.com\/fr\/covid-19-des-vacances-en-toute-securite-avec-protur-hotels\/#primaryimage\"},\"image\":{\"@id\":\"https:\/\/blog.protur-hotels.com\/fr\/covid-19-des-vacances-en-toute-securite-avec-protur-hotels\/#primaryimage\"},\"thumbnailUrl\":\"https:\/\/blog.protur-hotels.com\/wp-content\/uploads\/2020\/08\/COVID-19-VACACIONES-SEGURAS-CON-PROTUR-HOTELS.jpg\",\"datePublished\":\"2020-08-03T11:53:12+00:00\",\"description\":\"Il y a des choses qui ne changent jamais :\u202fchez Protur Hotels nous vous attendons comme toujours avec le sourire. Et\u00a0en raison de la crise du Covid-19\",\"breadcrumb\":{\"@id\":\"https:\/\/blog.protur-hotels.com\/fr\/covid-19-des-vacances-en-toute-securite-avec-protur-hotels\/#breadcrumb\"},\"inLanguage\":\"fr-FR\",\"potentialAction\":[{\"@type\":\"ReadAction\",\"target\":[\"https:\/\/blog.protur-hotels.com\/fr\/covid-19-des-vacances-en-toute-securite-avec-protur-hotels\/\"]}]},{\"@type\":\"ImageObject\",\"inLanguage\":\"fr-FR\",\"@id\":\"https:\/\/blog.protur-hotels.com\/fr\/covid-19-des-vacances-en-toute-securite-avec-protur-hotels\/#primaryimage\",\"url\":\"https:\/\/blog.protur-hotels.com\/wp-content\/uploads\/2020\/08\/COVID-19-VACACIONES-SEGURAS-CON-PROTUR-HOTELS.jpg\",\"contentUrl\":\"https:\/\/blog.protur-hotels.com\/wp-content\/uploads\/2020\/08\/COVID-19-VACACIONES-SEGURAS-CON-PROTUR-HOTELS.jpg\",\"width\":1250,\"height\":938},{\"@type\":\"BreadcrumbList\",\"@id\":\"https:\/\/blog.protur-hotels.com\/fr\/covid-19-des-vacances-en-toute-securite-avec-protur-hotels\/#breadcrumb\",\"itemListElement\":[{\"@type\":\"ListItem\",\"position\":1,\"name\":\"Portada\",\"item\":\"https:\/\/blog.protur-hotels.com\/\"},{\"@type\":\"ListItem\",\"position\":2,\"name\":\"Covid-19 : des vacances\u00a0en toute s\u00e9curit\u00e9\u00a0avec Protur Hotels\u00a0\"}]},{\"@type\":\"WebSite\",\"@id\":\"https:\/\/blog.protur-hotels.com\/#website\",\"url\":\"https:\/\/blog.protur-hotels.com\/\",\"name\":\"Blog Protur Hotels\",\"description\":\"Un Blog para viajeros\",\"publisher\":{\"@id\":\"https:\/\/blog.protur-hotels.com\/#organization\"},\"potentialAction\":[{\"@type\":\"SearchAction\",\"target\":{\"@type\":\"EntryPoint\",\"urlTemplate\":\"https:\/\/blog.protur-hotels.com\/?s={search_term_string}\"},\"query-input\":{\"@type\":\"PropertyValueSpecification\",\"valueRequired\":true,\"valueName\":\"search_term_string\"}}],\"inLanguage\":\"fr-FR\"},{\"@type\":\"Organization\",\"@id\":\"https:\/\/blog.protur-hotels.com\/#organization\",\"name\":\"Blog Protur Hotels\",\"url\":\"https:\/\/blog.protur-hotels.com\/\",\"logo\":{\"@type\":\"ImageObject\",\"inLanguage\":\"fr-FR\",\"@id\":\"https:\/\/blog.protur-hotels.com\/#\/schema\/logo\/image\/\",\"url\":\"https:\/\/blog.protur-hotels.com\/wp-content\/uploads\/2020\/03\/blog-protur-hotels-mallorca.png\",\"contentUrl\":\"https:\/\/blog.protur-hotels.com\/wp-content\/uploads\/2020\/03\/blog-protur-hotels-mallorca.png\",\"width\":1422,\"height\":894,\"caption\":\"Blog Protur Hotels\"},\"image\":{\"@id\":\"https:\/\/blog.protur-hotels.com\/#\/schema\/logo\/image\/\"}},{\"@type\":\"Person\",\"@id\":\"https:\/\/blog.protur-hotels.com\/#\/schema\/person\/5e17ee757b097cf1de0203171283b53c\",\"name\":\"ivandomingo\"}]}<\/script>\n<!-- \/ Yoast SEO plugin. -->","yoast_head_json":{"title":"Covid-19 : des vacances\u00a0en toute s\u00e9curit\u00e9\u00a0avec Protur Hotels\u00a0 - Blog Protur Hotels","description":"Il y a des choses qui ne changent jamais :\u202fchez Protur Hotels nous vous attendons comme toujours avec le sourire. Et\u00a0en raison de la crise du Covid-19","robots":{"index":"index","follow":"follow","max-snippet":"max-snippet:-1","max-image-preview":"max-image-preview:large","max-video-preview":"max-video-preview:-1"},"canonical":"https:\/\/blog.protur-hotels.com\/fr\/covid-19-des-vacances-en-toute-securite-avec-protur-hotels\/","og_locale":"fr_FR","og_type":"article","og_title":"Covid-19 : des vacances\u00a0en toute s\u00e9curit\u00e9\u00a0avec Protur Hotels\u00a0 - Blog Protur Hotels","og_description":"Il y a des choses qui ne changent jamais :\u202fchez Protur Hotels nous vous attendons comme toujours avec le sourire. Et\u00a0en raison de la crise du Covid-19","og_url":"https:\/\/blog.protur-hotels.com\/fr\/covid-19-des-vacances-en-toute-securite-avec-protur-hotels\/","og_site_name":"Blog Protur Hotels","article_published_time":"2020-08-03T11:53:12+00:00","author":"ivandomingo","twitter_card":"summary_large_image","twitter_misc":{"\u00c9crit par":"ivandomingo","Dur\u00e9e de lecture estim\u00e9e":"2 minutes"},"schema":{"@context":"https:\/\/schema.org","@graph":[{"@type":"Article","@id":"https:\/\/blog.protur-hotels.com\/fr\/covid-19-des-vacances-en-toute-securite-avec-protur-hotels\/#article","isPartOf":{"@id":"https:\/\/blog.protur-hotels.com\/fr\/covid-19-des-vacances-en-toute-securite-avec-protur-hotels\/"},"author":{"name":"ivandomingo","@id":"https:\/\/blog.protur-hotels.com\/#\/schema\/person\/5e17ee757b097cf1de0203171283b53c"},"headline":"Covid-19 : des vacances\u00a0en toute s\u00e9curit\u00e9\u00a0avec Protur Hotels\u00a0","datePublished":"2020-08-03T11:53:12+00:00","mainEntityOfPage":{"@id":"https:\/\/blog.protur-hotels.com\/fr\/covid-19-des-vacances-en-toute-securite-avec-protur-hotels\/"},"wordCount":416,"publisher":{"@id":"https:\/\/blog.protur-hotels.com\/#organization"},"image":{"@id":"https:\/\/blog.protur-hotels.com\/fr\/covid-19-des-vacances-en-toute-securite-avec-protur-hotels\/#primaryimage"},"thumbnailUrl":"https:\/\/blog.protur-hotels.com\/wp-content\/uploads\/2020\/08\/COVID-19-VACACIONES-SEGURAS-CON-PROTUR-HOTELS.jpg","articleSection":["Protur Hotels","saison"],"inLanguage":"fr-FR"},{"@type":"WebPage","@id":"https:\/\/blog.protur-hotels.com\/fr\/covid-19-des-vacances-en-toute-securite-avec-protur-hotels\/","url":"https:\/\/blog.protur-hotels.com\/fr\/covid-19-des-vacances-en-toute-securite-avec-protur-hotels\/","name":"Covid-19 : des vacances\u00a0en toute s\u00e9curit\u00e9\u00a0avec Protur Hotels\u00a0 - Blog Protur Hotels","isPartOf":{"@id":"https:\/\/blog.protur-hotels.com\/#website"},"primaryImageOfPage":{"@id":"https:\/\/blog.protur-hotels.com\/fr\/covid-19-des-vacances-en-toute-securite-avec-protur-hotels\/#primaryimage"},"image":{"@id":"https:\/\/blog.protur-hotels.com\/fr\/covid-19-des-vacances-en-toute-securite-avec-protur-hotels\/#primaryimage"},"thumbnailUrl":"https:\/\/blog.protur-hotels.com\/wp-content\/uploads\/2020\/08\/COVID-19-VACACIONES-SEGURAS-CON-PROTUR-HOTELS.jpg","datePublished":"2020-08-03T11:53:12+00:00","description":"Il y a des choses qui ne changent jamais :\u202fchez Protur Hotels nous vous attendons comme toujours avec le sourire. Et\u00a0en raison de la crise du Covid-19","breadcrumb":{"@id":"https:\/\/blog.protur-hotels.com\/fr\/covid-19-des-vacances-en-toute-securite-avec-protur-hotels\/#breadcrumb"},"inLanguage":"fr-FR","potentialAction":[{"@type":"ReadAction","target":["https:\/\/blog.protur-hotels.com\/fr\/covid-19-des-vacances-en-toute-securite-avec-protur-hotels\/"]}]},{"@type":"ImageObject","inLanguage":"fr-FR","@id":"https:\/\/blog.protur-hotels.com\/fr\/covid-19-des-vacances-en-toute-securite-avec-protur-hotels\/#primaryimage","url":"https:\/\/blog.protur-hotels.com\/wp-content\/uploads\/2020\/08\/COVID-19-VACACIONES-SEGURAS-CON-PROTUR-HOTELS.jpg","contentUrl":"https:\/\/blog.protur-hotels.com\/wp-content\/uploads\/2020\/08\/COVID-19-VACACIONES-SEGURAS-CON-PROTUR-HOTELS.jpg","width":1250,"height":938},{"@type":"BreadcrumbList","@id":"https:\/\/blog.protur-hotels.com\/fr\/covid-19-des-vacances-en-toute-securite-avec-protur-hotels\/#breadcrumb","itemListElement":[{"@type":"ListItem","position":1,"name":"Portada","item":"https:\/\/blog.protur-hotels.com\/"},{"@type":"ListItem","position":2,"name":"Covid-19 : des vacances\u00a0en toute s\u00e9curit\u00e9\u00a0avec Protur Hotels\u00a0"}]},{"@type":"WebSite","@id":"https:\/\/blog.protur-hotels.com\/#website","url":"https:\/\/blog.protur-hotels.com\/","name":"Blog Protur Hotels","description":"Un Blog para viajeros","publisher":{"@id":"https:\/\/blog.protur-hotels.com\/#organization"},"potentialAction":[{"@type":"SearchAction","target":{"@type":"EntryPoint","urlTemplate":"https:\/\/blog.protur-hotels.com\/?s={search_term_string}"},"query-input":{"@type":"PropertyValueSpecification","valueRequired":true,"valueName":"search_term_string"}}],"inLanguage":"fr-FR"},{"@type":"Organization","@id":"https:\/\/blog.protur-hotels.com\/#organization","name":"Blog Protur Hotels","url":"https:\/\/blog.protur-hotels.com\/","logo":{"@type":"ImageObject","inLanguage":"fr-FR","@id":"https:\/\/blog.protur-hotels.com\/#\/schema\/logo\/image\/","url":"https:\/\/blog.protur-hotels.com\/wp-content\/uploads\/2020\/03\/blog-protur-hotels-mallorca.png","contentUrl":"https:\/\/blog.protur-hotels.com\/wp-content\/uploads\/2020\/03\/blog-protur-hotels-mallorca.png","width":1422,"height":894,"caption":"Blog Protur Hotels"},"image":{"@id":"https:\/\/blog.protur-hotels.com\/#\/schema\/logo\/image\/"}},{"@type":"Person","@id":"https:\/\/blog.protur-hotels.com\/#\/schema\/person\/5e17ee757b097cf1de0203171283b53c","name":"ivandomingo"}]}},"_links":{"self":[{"href":"https:\/\/blog.protur-hotels.com\/fr\/wp-json\/wp\/v2\/posts\/4638","targetHints":{"allow":["GET"]}}],"collection":[{"href":"https:\/\/blog.protur-hotels.com\/fr\/wp-json\/wp\/v2\/posts"}],"about":[{"href":"https:\/\/blog.protur-hotels.com\/fr\/wp-json\/wp\/v2\/types\/post"}],"author":[{"embeddable":true,"href":"https:\/\/blog.protur-hotels.com\/fr\/wp-json\/wp\/v2\/users\/1"}],"replies":[{"embeddable":true,"href":"https:\/\/blog.protur-hotels.com\/fr\/wp-json\/wp\/v2\/comments?post=4638"}],"version-history":[{"count":0,"href":"https:\/\/blog.protur-hotels.com\/fr\/wp-json\/wp\/v2\/posts\/4638\/revisions"}],"wp:featuredmedia":[{"embeddable":true,"href":"https:\/\/blog.protur-hotels.com\/fr\/wp-json\/wp\/v2\/media\/6493"}],"wp:attachment":[{"href":"https:\/\/blog.protur-hotels.com\/fr\/wp-json\/wp\/v2\/media?parent=4638"}],"wp:term":[{"taxonomy":"category","embeddable":true,"href":"https:\/\/blog.protur-hotels.com\/fr\/wp-json\/wp\/v2\/categories?post=4638"},{"taxonomy":"post_tag","embeddable":true,"href":"https:\/\/blog.protur-hotels.com\/fr\/wp-json\/wp\/v2\/tags?post=4638"}],"curies":[{"name":"wp","href":"https:\/\/api.w.org\/{rel}","templated":true}]}}