{"id":6910,"date":"2025-01-23T00:01:42","date_gmt":"2025-01-23T00:01:42","guid":{"rendered":"https:\/\/blog.protur-hotels.com\/?p=6910"},"modified":"2025-01-24T09:47:17","modified_gmt":"2025-01-24T09:47:17","slug":"nous-fetons-25-ans-de-souvenirs-inoubliables-a-protur-badia-park","status":"publish","type":"post","link":"https:\/\/blog.protur-hotels.com\/fr\/nous-fetons-25-ans-de-souvenirs-inoubliables-a-protur-badia-park\/","title":{"rendered":"Nous f\u00eatons 25 ans de souvenirs inoubliables \u00e0 Protur Badia Park!"},"content":{"rendered":"<p>Nous sommes ravis de faire partie de vos souvenirs&#8230;<\/p>\n<p>Cette ann\u00e9e, nous faisons la f\u00eate et nous ne pourrions pas \u00eatre plus enthousiastes ! Nous c\u00e9l\u00e9brons 25 ans d&rsquo;exp\u00e9riences inoubliables au Protur Badia Park et nous tenons \u00e0 remercier tous nos clients pour la confiance et le soutien qu&rsquo;ils nous ont accord\u00e9s au fil des ans.<\/p>\n<p>Il s&rsquo;est \u00e9coul\u00e9 beaucoup de temps depuis l&rsquo;inauguration de cet aparthotel, au cours duquel le bien-\u00eatre de nos h\u00f4tes a toujours \u00e9t\u00e9 notre priorit\u00e9. Tout au long de cette p\u00e9riode, nous avons eu la chance de rencontrer des clients exceptionnels et d&rsquo;avoir une \u00e9quipe engag\u00e9e et d\u00e9vou\u00e9e. Nous sommes fiers de dire que certains membres de notre personnel font partie de cette famille depuis l&rsquo;ouverture de l&rsquo;h\u00f4tel en 2000.<\/p>\n<p>Au cours des prochains mois, nous nous rem\u00e9morerons des moments inoubliables du pass\u00e9 : d&rsquo;anciens directeurs, des clients qui ont laiss\u00e9 leur empreinte et tant d&rsquo;histoires qui ont fait partie de notre histoire.<\/p>\n<p>Ainsi, tous les clients ayant effectu\u00e9 une r\u00e9servation pour 2025 sur notre site web pour des s\u00e9jours au Protur Badia Park Aparthotel, qu&rsquo;elle soit nouvelle ou d\u00e9j\u00e0 effectu\u00e9e, ils participeront au tirage au sort d&rsquo;un s\u00e9jour gratuit de 3 nuits dans notre h\u00f4tel. Toutes les r\u00e9servations effectu\u00e9es sur www.proturhotels.com, qui ont \u00e9t\u00e9 appr\u00e9ci\u00e9es, seront incluses. Les r\u00e9servations annul\u00e9es, non utilis\u00e9es ou effectu\u00e9es via d&rsquo;autres sites ou portails ne seront pas prises en compte dans le tirage au sort. En novembre, nous proc\u00e9derons au tirage au sort et annoncerons le nom du gagnant.<\/p>\n<p>Restez attentif \u00e0 nos r\u00e9seaux sociaux pour ne rien manquer&#8230; Merci de faire partie de notre histoire!<\/p>\n<p>Consultez les conditions du tirage au sort ici<\/p>\n","protected":false},"excerpt":{"rendered":"<p>Nous sommes ravis de faire partie de vos souvenirs&#8230; Cette ann\u00e9e, nous faisons la f\u00eate et nous ne pourrions pas \u00eatre plus enthousiastes ! Nous c\u00e9l\u00e9brons 25 ans d&rsquo;exp\u00e9riences inoubliables&hellip;<\/p>\n","protected":false},"author":4,"featured_media":6897,"comment_status":"closed","ping_status":"open","sticky":false,"template":"","format":"standard","meta":{"_lmt_disableupdate":"","_lmt_disable":"","footnotes":""},"categories":[1095,1094],"tags":[1132,1133,1121,1134,1135],"class_list":["post-6910","post","type-post","status-publish","format-standard","has-post-thumbnail","hentry","category-mallorca-fr-2","category-protur-hotels-fr-2","tag-aniversario-fr","tag-hotel-fr","tag-protur-badia-park-fr","tag-sa-coma-fr","tag-sorteo-fr"],"yoast_head":"<!-- This site is optimized with the Yoast SEO plugin v26.6 - https:\/\/yoast.com\/wordpress\/plugins\/seo\/ -->\n<title>25 ans de souvenirs inoubliables \u00e0 Protur Badia Park!<\/title>\n<meta name=\"description\" content=\"Nous ne pourrions pas \u00eatre plus enthousiastes ! Nous c\u00e9l\u00e9brons 25 ans d&#039;exp\u00e9riences inoubliables au Protur Badia Park\" \/>\n<meta name=\"robots\" content=\"index, follow, max-snippet:-1, max-image-preview:large, max-video-preview:-1\" \/>\n<link rel=\"canonical\" href=\"https:\/\/blog.protur-hotels.com\/fr\/nous-fetons-25-ans-de-souvenirs-inoubliables-a-protur-badia-park\/\" \/>\n<meta property=\"og:locale\" content=\"fr_FR\" \/>\n<meta property=\"og:type\" content=\"article\" \/>\n<meta property=\"og:title\" content=\"25 ans de souvenirs inoubliables \u00e0 Protur Badia Park!\" \/>\n<meta property=\"og:description\" content=\"Nous ne pourrions pas \u00eatre plus enthousiastes ! Nous c\u00e9l\u00e9brons 25 ans d&#039;exp\u00e9riences inoubliables au Protur Badia Park\" \/>\n<meta property=\"og:url\" content=\"https:\/\/blog.protur-hotels.com\/fr\/nous-fetons-25-ans-de-souvenirs-inoubliables-a-protur-badia-park\/\" \/>\n<meta property=\"og:site_name\" content=\"Blog Protur Hotels\" \/>\n<meta property=\"article:published_time\" content=\"2025-01-23T00:01:42+00:00\" \/>\n<meta property=\"article:modified_time\" content=\"2025-01-24T09:47:17+00:00\" \/>\n<meta property=\"og:image\" content=\"https:\/\/blog.protur-hotels.com\/wp-content\/uploads\/2025\/01\/25-BADIA-PARK-Facebook.jpg\" \/>\n\t<meta property=\"og:image:width\" content=\"940\" \/>\n\t<meta property=\"og:image:height\" content=\"788\" \/>\n\t<meta property=\"og:image:type\" content=\"image\/jpeg\" \/>\n<meta name=\"author\" content=\"Jara\" \/>\n<meta name=\"twitter:card\" content=\"summary_large_image\" \/>\n<meta name=\"twitter:label1\" content=\"\u00c9crit par\" \/>\n\t<meta name=\"twitter:data1\" content=\"Jara\" \/>\n\t<meta name=\"twitter:label2\" content=\"Dur\u00e9e de lecture estim\u00e9e\" \/>\n\t<meta name=\"twitter:data2\" content=\"2 minutes\" \/>\n<script type=\"application\/ld+json\" class=\"yoast-schema-graph\">{\"@context\":\"https:\/\/schema.org\",\"@graph\":[{\"@type\":\"Article\",\"@id\":\"https:\/\/blog.protur-hotels.com\/fr\/nous-fetons-25-ans-de-souvenirs-inoubliables-a-protur-badia-park\/#article\",\"isPartOf\":{\"@id\":\"https:\/\/blog.protur-hotels.com\/fr\/nous-fetons-25-ans-de-souvenirs-inoubliables-a-protur-badia-park\/\"},\"author\":{\"name\":\"Jara\",\"@id\":\"https:\/\/blog.protur-hotels.com\/#\/schema\/person\/902a575bd3b7b15d653c623099bdb69c\"},\"headline\":\"Nous f\u00eatons 25 ans de souvenirs inoubliables \u00e0 Protur Badia Park!\",\"datePublished\":\"2025-01-23T00:01:42+00:00\",\"dateModified\":\"2025-01-24T09:47:17+00:00\",\"mainEntityOfPage\":{\"@id\":\"https:\/\/blog.protur-hotels.com\/fr\/nous-fetons-25-ans-de-souvenirs-inoubliables-a-protur-badia-park\/\"},\"wordCount\":321,\"publisher\":{\"@id\":\"https:\/\/blog.protur-hotels.com\/#organization\"},\"image\":{\"@id\":\"https:\/\/blog.protur-hotels.com\/fr\/nous-fetons-25-ans-de-souvenirs-inoubliables-a-protur-badia-park\/#primaryimage\"},\"thumbnailUrl\":\"https:\/\/blog.protur-hotels.com\/wp-content\/uploads\/2025\/01\/25-BADIA-PARK-Facebook.jpg\",\"keywords\":[\"Aniversario\",\"hotel\",\"Protur Badia Park\",\"Sa Coma\",\"Sorteo\"],\"articleSection\":[\"Mallorca\",\"Protur Hotels\"],\"inLanguage\":\"fr-FR\"},{\"@type\":\"WebPage\",\"@id\":\"https:\/\/blog.protur-hotels.com\/fr\/nous-fetons-25-ans-de-souvenirs-inoubliables-a-protur-badia-park\/\",\"url\":\"https:\/\/blog.protur-hotels.com\/fr\/nous-fetons-25-ans-de-souvenirs-inoubliables-a-protur-badia-park\/\",\"name\":\"25 ans de souvenirs inoubliables \u00e0 Protur Badia Park!\",\"isPartOf\":{\"@id\":\"https:\/\/blog.protur-hotels.com\/#website\"},\"primaryImageOfPage\":{\"@id\":\"https:\/\/blog.protur-hotels.com\/fr\/nous-fetons-25-ans-de-souvenirs-inoubliables-a-protur-badia-park\/#primaryimage\"},\"image\":{\"@id\":\"https:\/\/blog.protur-hotels.com\/fr\/nous-fetons-25-ans-de-souvenirs-inoubliables-a-protur-badia-park\/#primaryimage\"},\"thumbnailUrl\":\"https:\/\/blog.protur-hotels.com\/wp-content\/uploads\/2025\/01\/25-BADIA-PARK-Facebook.jpg\",\"datePublished\":\"2025-01-23T00:01:42+00:00\",\"dateModified\":\"2025-01-24T09:47:17+00:00\",\"description\":\"Nous ne pourrions pas \u00eatre plus enthousiastes ! Nous c\u00e9l\u00e9brons 25 ans d'exp\u00e9riences inoubliables au Protur Badia Park\",\"breadcrumb\":{\"@id\":\"https:\/\/blog.protur-hotels.com\/fr\/nous-fetons-25-ans-de-souvenirs-inoubliables-a-protur-badia-park\/#breadcrumb\"},\"inLanguage\":\"fr-FR\",\"potentialAction\":[{\"@type\":\"ReadAction\",\"target\":[\"https:\/\/blog.protur-hotels.com\/fr\/nous-fetons-25-ans-de-souvenirs-inoubliables-a-protur-badia-park\/\"]}]},{\"@type\":\"ImageObject\",\"inLanguage\":\"fr-FR\",\"@id\":\"https:\/\/blog.protur-hotels.com\/fr\/nous-fetons-25-ans-de-souvenirs-inoubliables-a-protur-badia-park\/#primaryimage\",\"url\":\"https:\/\/blog.protur-hotels.com\/wp-content\/uploads\/2025\/01\/25-BADIA-PARK-Facebook.jpg\",\"contentUrl\":\"https:\/\/blog.protur-hotels.com\/wp-content\/uploads\/2025\/01\/25-BADIA-PARK-Facebook.jpg\",\"width\":940,\"height\":788},{\"@type\":\"BreadcrumbList\",\"@id\":\"https:\/\/blog.protur-hotels.com\/fr\/nous-fetons-25-ans-de-souvenirs-inoubliables-a-protur-badia-park\/#breadcrumb\",\"itemListElement\":[{\"@type\":\"ListItem\",\"position\":1,\"name\":\"Portada\",\"item\":\"https:\/\/blog.protur-hotels.com\/\"},{\"@type\":\"ListItem\",\"position\":2,\"name\":\"Nous f\u00eatons 25 ans de souvenirs inoubliables \u00e0 Protur Badia Park!\"}]},{\"@type\":\"WebSite\",\"@id\":\"https:\/\/blog.protur-hotels.com\/#website\",\"url\":\"https:\/\/blog.protur-hotels.com\/\",\"name\":\"Blog Protur Hotels\",\"description\":\"Un Blog para viajeros\",\"publisher\":{\"@id\":\"https:\/\/blog.protur-hotels.com\/#organization\"},\"potentialAction\":[{\"@type\":\"SearchAction\",\"target\":{\"@type\":\"EntryPoint\",\"urlTemplate\":\"https:\/\/blog.protur-hotels.com\/?s={search_term_string}\"},\"query-input\":{\"@type\":\"PropertyValueSpecification\",\"valueRequired\":true,\"valueName\":\"search_term_string\"}}],\"inLanguage\":\"fr-FR\"},{\"@type\":\"Organization\",\"@id\":\"https:\/\/blog.protur-hotels.com\/#organization\",\"name\":\"Blog Protur Hotels\",\"url\":\"https:\/\/blog.protur-hotels.com\/\",\"logo\":{\"@type\":\"ImageObject\",\"inLanguage\":\"fr-FR\",\"@id\":\"https:\/\/blog.protur-hotels.com\/#\/schema\/logo\/image\/\",\"url\":\"https:\/\/blog.protur-hotels.com\/wp-content\/uploads\/2020\/03\/blog-protur-hotels-mallorca.png\",\"contentUrl\":\"https:\/\/blog.protur-hotels.com\/wp-content\/uploads\/2020\/03\/blog-protur-hotels-mallorca.png\",\"width\":1422,\"height\":894,\"caption\":\"Blog Protur Hotels\"},\"image\":{\"@id\":\"https:\/\/blog.protur-hotels.com\/#\/schema\/logo\/image\/\"}},{\"@type\":\"Person\",\"@id\":\"https:\/\/blog.protur-hotels.com\/#\/schema\/person\/902a575bd3b7b15d653c623099bdb69c\",\"name\":\"Jara\"}]}<\/script>\n<!-- \/ Yoast SEO plugin. -->","yoast_head_json":{"title":"25 ans de souvenirs inoubliables \u00e0 Protur Badia Park!","description":"Nous ne pourrions pas \u00eatre plus enthousiastes ! Nous c\u00e9l\u00e9brons 25 ans d'exp\u00e9riences inoubliables au Protur Badia Park","robots":{"index":"index","follow":"follow","max-snippet":"max-snippet:-1","max-image-preview":"max-image-preview:large","max-video-preview":"max-video-preview:-1"},"canonical":"https:\/\/blog.protur-hotels.com\/fr\/nous-fetons-25-ans-de-souvenirs-inoubliables-a-protur-badia-park\/","og_locale":"fr_FR","og_type":"article","og_title":"25 ans de souvenirs inoubliables \u00e0 Protur Badia Park!","og_description":"Nous ne pourrions pas \u00eatre plus enthousiastes ! Nous c\u00e9l\u00e9brons 25 ans d'exp\u00e9riences inoubliables au Protur Badia Park","og_url":"https:\/\/blog.protur-hotels.com\/fr\/nous-fetons-25-ans-de-souvenirs-inoubliables-a-protur-badia-park\/","og_site_name":"Blog Protur Hotels","article_published_time":"2025-01-23T00:01:42+00:00","article_modified_time":"2025-01-24T09:47:17+00:00","og_image":[{"width":940,"height":788,"url":"https:\/\/blog.protur-hotels.com\/wp-content\/uploads\/2025\/01\/25-BADIA-PARK-Facebook.jpg","type":"image\/jpeg"}],"author":"Jara","twitter_card":"summary_large_image","twitter_misc":{"\u00c9crit par":"Jara","Dur\u00e9e de lecture estim\u00e9e":"2 minutes"},"schema":{"@context":"https:\/\/schema.org","@graph":[{"@type":"Article","@id":"https:\/\/blog.protur-hotels.com\/fr\/nous-fetons-25-ans-de-souvenirs-inoubliables-a-protur-badia-park\/#article","isPartOf":{"@id":"https:\/\/blog.protur-hotels.com\/fr\/nous-fetons-25-ans-de-souvenirs-inoubliables-a-protur-badia-park\/"},"author":{"name":"Jara","@id":"https:\/\/blog.protur-hotels.com\/#\/schema\/person\/902a575bd3b7b15d653c623099bdb69c"},"headline":"Nous f\u00eatons 25 ans de souvenirs inoubliables \u00e0 Protur Badia Park!","datePublished":"2025-01-23T00:01:42+00:00","dateModified":"2025-01-24T09:47:17+00:00","mainEntityOfPage":{"@id":"https:\/\/blog.protur-hotels.com\/fr\/nous-fetons-25-ans-de-souvenirs-inoubliables-a-protur-badia-park\/"},"wordCount":321,"publisher":{"@id":"https:\/\/blog.protur-hotels.com\/#organization"},"image":{"@id":"https:\/\/blog.protur-hotels.com\/fr\/nous-fetons-25-ans-de-souvenirs-inoubliables-a-protur-badia-park\/#primaryimage"},"thumbnailUrl":"https:\/\/blog.protur-hotels.com\/wp-content\/uploads\/2025\/01\/25-BADIA-PARK-Facebook.jpg","keywords":["Aniversario","hotel","Protur Badia Park","Sa Coma","Sorteo"],"articleSection":["Mallorca","Protur Hotels"],"inLanguage":"fr-FR"},{"@type":"WebPage","@id":"https:\/\/blog.protur-hotels.com\/fr\/nous-fetons-25-ans-de-souvenirs-inoubliables-a-protur-badia-park\/","url":"https:\/\/blog.protur-hotels.com\/fr\/nous-fetons-25-ans-de-souvenirs-inoubliables-a-protur-badia-park\/","name":"25 ans de souvenirs inoubliables \u00e0 Protur Badia Park!","isPartOf":{"@id":"https:\/\/blog.protur-hotels.com\/#website"},"primaryImageOfPage":{"@id":"https:\/\/blog.protur-hotels.com\/fr\/nous-fetons-25-ans-de-souvenirs-inoubliables-a-protur-badia-park\/#primaryimage"},"image":{"@id":"https:\/\/blog.protur-hotels.com\/fr\/nous-fetons-25-ans-de-souvenirs-inoubliables-a-protur-badia-park\/#primaryimage"},"thumbnailUrl":"https:\/\/blog.protur-hotels.com\/wp-content\/uploads\/2025\/01\/25-BADIA-PARK-Facebook.jpg","datePublished":"2025-01-23T00:01:42+00:00","dateModified":"2025-01-24T09:47:17+00:00","description":"Nous ne pourrions pas \u00eatre plus enthousiastes ! Nous c\u00e9l\u00e9brons 25 ans d'exp\u00e9riences inoubliables au Protur Badia Park","breadcrumb":{"@id":"https:\/\/blog.protur-hotels.com\/fr\/nous-fetons-25-ans-de-souvenirs-inoubliables-a-protur-badia-park\/#breadcrumb"},"inLanguage":"fr-FR","potentialAction":[{"@type":"ReadAction","target":["https:\/\/blog.protur-hotels.com\/fr\/nous-fetons-25-ans-de-souvenirs-inoubliables-a-protur-badia-park\/"]}]},{"@type":"ImageObject","inLanguage":"fr-FR","@id":"https:\/\/blog.protur-hotels.com\/fr\/nous-fetons-25-ans-de-souvenirs-inoubliables-a-protur-badia-park\/#primaryimage","url":"https:\/\/blog.protur-hotels.com\/wp-content\/uploads\/2025\/01\/25-BADIA-PARK-Facebook.jpg","contentUrl":"https:\/\/blog.protur-hotels.com\/wp-content\/uploads\/2025\/01\/25-BADIA-PARK-Facebook.jpg","width":940,"height":788},{"@type":"BreadcrumbList","@id":"https:\/\/blog.protur-hotels.com\/fr\/nous-fetons-25-ans-de-souvenirs-inoubliables-a-protur-badia-park\/#breadcrumb","itemListElement":[{"@type":"ListItem","position":1,"name":"Portada","item":"https:\/\/blog.protur-hotels.com\/"},{"@type":"ListItem","position":2,"name":"Nous f\u00eatons 25 ans de souvenirs inoubliables \u00e0 Protur Badia Park!"}]},{"@type":"WebSite","@id":"https:\/\/blog.protur-hotels.com\/#website","url":"https:\/\/blog.protur-hotels.com\/","name":"Blog Protur Hotels","description":"Un Blog para viajeros","publisher":{"@id":"https:\/\/blog.protur-hotels.com\/#organization"},"potentialAction":[{"@type":"SearchAction","target":{"@type":"EntryPoint","urlTemplate":"https:\/\/blog.protur-hotels.com\/?s={search_term_string}"},"query-input":{"@type":"PropertyValueSpecification","valueRequired":true,"valueName":"search_term_string"}}],"inLanguage":"fr-FR"},{"@type":"Organization","@id":"https:\/\/blog.protur-hotels.com\/#organization","name":"Blog Protur Hotels","url":"https:\/\/blog.protur-hotels.com\/","logo":{"@type":"ImageObject","inLanguage":"fr-FR","@id":"https:\/\/blog.protur-hotels.com\/#\/schema\/logo\/image\/","url":"https:\/\/blog.protur-hotels.com\/wp-content\/uploads\/2020\/03\/blog-protur-hotels-mallorca.png","contentUrl":"https:\/\/blog.protur-hotels.com\/wp-content\/uploads\/2020\/03\/blog-protur-hotels-mallorca.png","width":1422,"height":894,"caption":"Blog Protur Hotels"},"image":{"@id":"https:\/\/blog.protur-hotels.com\/#\/schema\/logo\/image\/"}},{"@type":"Person","@id":"https:\/\/blog.protur-hotels.com\/#\/schema\/person\/902a575bd3b7b15d653c623099bdb69c","name":"Jara"}]}},"_links":{"self":[{"href":"https:\/\/blog.protur-hotels.com\/fr\/wp-json\/wp\/v2\/posts\/6910","targetHints":{"allow":["GET"]}}],"collection":[{"href":"https:\/\/blog.protur-hotels.com\/fr\/wp-json\/wp\/v2\/posts"}],"about":[{"href":"https:\/\/blog.protur-hotels.com\/fr\/wp-json\/wp\/v2\/types\/post"}],"author":[{"embeddable":true,"href":"https:\/\/blog.protur-hotels.com\/fr\/wp-json\/wp\/v2\/users\/4"}],"replies":[{"embeddable":true,"href":"https:\/\/blog.protur-hotels.com\/fr\/wp-json\/wp\/v2\/comments?post=6910"}],"version-history":[{"count":5,"href":"https:\/\/blog.protur-hotels.com\/fr\/wp-json\/wp\/v2\/posts\/6910\/revisions"}],"predecessor-version":[{"id":6959,"href":"https:\/\/blog.protur-hotels.com\/fr\/wp-json\/wp\/v2\/posts\/6910\/revisions\/6959"}],"wp:featuredmedia":[{"embeddable":true,"href":"https:\/\/blog.protur-hotels.com\/fr\/wp-json\/wp\/v2\/media\/6897"}],"wp:attachment":[{"href":"https:\/\/blog.protur-hotels.com\/fr\/wp-json\/wp\/v2\/media?parent=6910"}],"wp:term":[{"taxonomy":"category","embeddable":true,"href":"https:\/\/blog.protur-hotels.com\/fr\/wp-json\/wp\/v2\/categories?post=6910"},{"taxonomy":"post_tag","embeddable":true,"href":"https:\/\/blog.protur-hotels.com\/fr\/wp-json\/wp\/v2\/tags?post=6910"}],"curies":[{"name":"wp","href":"https:\/\/api.w.org\/{rel}","templated":true}]}}