{"id":858,"date":"2014-07-11T00:00:00","date_gmt":"2014-07-11T00:00:00","guid":{"rendered":"https:\/\/blog.protur-hotels.com\/ou-manger-sur-la-cote-est-de-majorque\/"},"modified":"2016-03-10T21:13:27","modified_gmt":"2016-03-10T21:13:27","slug":"ou-manger-sur-la-cote-est-de-majorque-2","status":"publish","type":"post","link":"https:\/\/blog.protur-hotels.com\/fr\/ou-manger-sur-la-cote-est-de-majorque-2\/","title":{"rendered":"O\u00f9 manger sur la c\u00f4te Est de Majorque\u00a0?"},"content":{"rendered":"<p>La <b>c\u00f4te Est de Majorque<\/b>, forte de sa grande tradition touristique, a d\u00e9velopp\u00e9 une offre gastronomique vari\u00e9e, qui int\u00e8gre tout type de propositions culinaires, depuis des<b>restaurants couronn\u00e9s d&rsquo;une \u00e9toile Michelin<\/b> jusqu&rsquo;aux fast-foods internationaux, en passant par les restaurants italiens et les petites tavernes traditionnelles o\u00f9 manger un<i>Tramp\u00f3<\/i>, salade typique de Majorque ou le classique cochon de lait au four.<\/p>\n<p>Pour ceux qui recherchent une exp\u00e9rience gourmet authentique \u00e0 Majorque, pendant leurs vacances dans un h\u00f4tel de la <b>zone de Cala Millor, Cala Bona ou Sa Coma<\/b>, impossible de repartir sans avoir consacr\u00e9 une journ\u00e9e \u00e0 go\u00fbter tous les d\u00e9lices pr\u00e9par\u00e9s par le c\u00e9l\u00e8bre chef Tomeu Caldentey, dans sa cuisine de l&#8217;embl\u00e9matique <a href=\"http:\/\/proturevents.com\/restaurante_es_moli_den_bou_mallorca_sa_coma.html\">restaurant Es Mol\u00ed d\u2019en Bou<\/a>, couronn\u00e9 d&rsquo;une <b>\u00e9toile Michelin<\/b> amplement m\u00e9rit\u00e9e.<\/p>\n<p>Pour ceux qui recherchent un <b>restaurant qui conserve<\/b> <b>un charme traditionnel \u00e0 Majorque<\/b>, \u00e0 Cala Millor se distingue le <a href=\"http:\/\/proturevents.com\/restaurante_son_florianan_mallorca_cala_bona.html\">restaurant Son Floriana<\/a>, qui fait partie d&rsquo;un accueillant <a href=\"http:\/\/protur-hotels.com\/fr\/hotels-a-majorque\/residencia-son-floriana-restaurante\">h\u00f4tel haut de gamme pr\u00e8s de la plage de Cala Bona<\/a>, o\u00f9 savourer les plats les plus authentiques de la gastronomie majorquine, relev\u00e9s d&rsquo;une touche originale et innovante. L&rsquo;ambiance et les vins y sont excellents.<\/p>\n<p>Pour manger une <b>bonne pizza ou un plat de p\u00e2tes<\/b>, le restaurant italien Verona \u00e0 Sa Coma est une bonne adresse (seulement de juin \u00e0 septembre) ; et pour s&rsquo;immerger dans l&rsquo;authentique <b>cuisine m\u00e9diterran\u00e9enne,<\/b> pr\u00e9par\u00e9e par le chef de renomm\u00e9e David Deop, le toujours agr\u00e9able <a href=\"http:\/\/proturevents.com\/restaurante_azafran_mallorca_sa_coma.html\">restaurant Azafr\u00e1n \u00e0 Sa Coma<\/a>, qui fait partie du <a href=\"http:\/\/protur-hotels.com\/fr\/hotels-a-majorque\/protur-biomar-gran-hotel-spa\">Protur Biomar Gran Hotel &amp; Spa<\/a>.<\/p>\n","protected":false},"excerpt":{"rendered":"<p>La c\u00f4te Est de Majorque, forte de sa grande tradition touristique, a d\u00e9velopp\u00e9 une offre gastronomique vari\u00e9e, qui int\u00e8gre tout type de propositions culinaires, depuis des restaurants couronn\u00e9s d&rsquo;une \u00e9toile Michelin<\/p>\n","protected":false},"author":3,"featured_media":1335,"comment_status":"closed","ping_status":"open","sticky":false,"template":"","format":"standard","meta":{"_lmt_disableupdate":"","_lmt_disable":"","footnotes":""},"categories":[114,117],"tags":[],"class_list":["post-858","post","type-post","status-publish","format-standard","has-post-thumbnail","hentry","category-gastronomia-fr","category-mallorca-fr"],"yoast_head":"<!-- This site is optimized with the Yoast SEO plugin v26.6 - https:\/\/yoast.com\/wordpress\/plugins\/seo\/ -->\n<title>O\u00f9 manger sur la c\u00f4te Est de Majorque\u00a0? - Blog Protur Hotels<\/title>\n<meta name=\"description\" content=\"La c\u00f4te Est de Majorque, forte de sa grande tradition touristique, a d\u00e9velopp\u00e9 une offre gastronomique vari\u00e9e, qui int\u00e8gre tout type de propositions culinaires, depuis des restaurants couronn\u00e9s d&#039;une \u00e9toile Michelin\" \/>\n<meta name=\"robots\" content=\"index, follow, max-snippet:-1, max-image-preview:large, max-video-preview:-1\" \/>\n<link rel=\"canonical\" href=\"https:\/\/blog.protur-hotels.com\/fr\/ou-manger-sur-la-cote-est-de-majorque-2\/\" \/>\n<meta property=\"og:locale\" content=\"fr_FR\" \/>\n<meta property=\"og:type\" content=\"article\" \/>\n<meta property=\"og:title\" content=\"O\u00f9 manger sur la c\u00f4te Est de Majorque\u00a0? - Blog Protur Hotels\" \/>\n<meta property=\"og:description\" content=\"La c\u00f4te Est de Majorque, forte de sa grande tradition touristique, a d\u00e9velopp\u00e9 une offre gastronomique vari\u00e9e, qui int\u00e8gre tout type de propositions culinaires, depuis des restaurants couronn\u00e9s d&#039;une \u00e9toile Michelin\" \/>\n<meta property=\"og:url\" content=\"https:\/\/blog.protur-hotels.com\/fr\/ou-manger-sur-la-cote-est-de-majorque-2\/\" \/>\n<meta property=\"og:site_name\" content=\"Blog Protur Hotels\" \/>\n<meta property=\"article:published_time\" content=\"2014-07-11T00:00:00+00:00\" \/>\n<meta property=\"article:modified_time\" content=\"2016-03-10T21:13:27+00:00\" \/>\n<meta property=\"og:image\" content=\"https:\/\/blog.protur-hotels.com\/wp-content\/uploads\/2014\/05\/que-comer-en-almeria-roquetas-de-mar.jpg\" \/>\n\t<meta property=\"og:image:width\" content=\"800\" \/>\n\t<meta property=\"og:image:height\" content=\"600\" \/>\n\t<meta property=\"og:image:type\" content=\"image\/jpeg\" \/>\n<meta name=\"author\" content=\"Protur Hotels\" \/>\n<meta name=\"twitter:card\" content=\"summary_large_image\" \/>\n<meta name=\"twitter:label1\" content=\"\u00c9crit par\" \/>\n\t<meta name=\"twitter:data1\" content=\"Protur Hotels\" \/>\n\t<meta name=\"twitter:label2\" content=\"Dur\u00e9e de lecture estim\u00e9e\" \/>\n\t<meta name=\"twitter:data2\" content=\"1 minute\" \/>\n<script type=\"application\/ld+json\" class=\"yoast-schema-graph\">{\"@context\":\"https:\/\/schema.org\",\"@graph\":[{\"@type\":\"Article\",\"@id\":\"https:\/\/blog.protur-hotels.com\/fr\/ou-manger-sur-la-cote-est-de-majorque-2\/#article\",\"isPartOf\":{\"@id\":\"https:\/\/blog.protur-hotels.com\/fr\/ou-manger-sur-la-cote-est-de-majorque-2\/\"},\"author\":{\"name\":\"Protur Hotels\",\"@id\":\"https:\/\/blog.protur-hotels.com\/#\/schema\/person\/6eac7ca6e9a32baa4716fdd5d7358326\"},\"headline\":\"O\u00f9 manger sur la c\u00f4te Est de Majorque\u00a0?\",\"datePublished\":\"2014-07-11T00:00:00+00:00\",\"dateModified\":\"2016-03-10T21:13:27+00:00\",\"mainEntityOfPage\":{\"@id\":\"https:\/\/blog.protur-hotels.com\/fr\/ou-manger-sur-la-cote-est-de-majorque-2\/\"},\"wordCount\":283,\"publisher\":{\"@id\":\"https:\/\/blog.protur-hotels.com\/#organization\"},\"image\":{\"@id\":\"https:\/\/blog.protur-hotels.com\/fr\/ou-manger-sur-la-cote-est-de-majorque-2\/#primaryimage\"},\"thumbnailUrl\":\"https:\/\/blog.protur-hotels.com\/wp-content\/uploads\/2014\/05\/que-comer-en-almeria-roquetas-de-mar.jpg\",\"articleSection\":[\"Gastronomie\",\"Majorque\"],\"inLanguage\":\"fr-FR\"},{\"@type\":\"WebPage\",\"@id\":\"https:\/\/blog.protur-hotels.com\/fr\/ou-manger-sur-la-cote-est-de-majorque-2\/\",\"url\":\"https:\/\/blog.protur-hotels.com\/fr\/ou-manger-sur-la-cote-est-de-majorque-2\/\",\"name\":\"O\u00f9 manger sur la c\u00f4te Est de Majorque\u00a0? - Blog Protur Hotels\",\"isPartOf\":{\"@id\":\"https:\/\/blog.protur-hotels.com\/#website\"},\"primaryImageOfPage\":{\"@id\":\"https:\/\/blog.protur-hotels.com\/fr\/ou-manger-sur-la-cote-est-de-majorque-2\/#primaryimage\"},\"image\":{\"@id\":\"https:\/\/blog.protur-hotels.com\/fr\/ou-manger-sur-la-cote-est-de-majorque-2\/#primaryimage\"},\"thumbnailUrl\":\"https:\/\/blog.protur-hotels.com\/wp-content\/uploads\/2014\/05\/que-comer-en-almeria-roquetas-de-mar.jpg\",\"datePublished\":\"2014-07-11T00:00:00+00:00\",\"dateModified\":\"2016-03-10T21:13:27+00:00\",\"description\":\"La c\u00f4te Est de Majorque, forte de sa grande tradition touristique, a d\u00e9velopp\u00e9 une offre gastronomique vari\u00e9e, qui int\u00e8gre tout type de propositions culinaires, depuis des restaurants couronn\u00e9s d'une \u00e9toile Michelin\",\"breadcrumb\":{\"@id\":\"https:\/\/blog.protur-hotels.com\/fr\/ou-manger-sur-la-cote-est-de-majorque-2\/#breadcrumb\"},\"inLanguage\":\"fr-FR\",\"potentialAction\":[{\"@type\":\"ReadAction\",\"target\":[\"https:\/\/blog.protur-hotels.com\/fr\/ou-manger-sur-la-cote-est-de-majorque-2\/\"]}]},{\"@type\":\"ImageObject\",\"inLanguage\":\"fr-FR\",\"@id\":\"https:\/\/blog.protur-hotels.com\/fr\/ou-manger-sur-la-cote-est-de-majorque-2\/#primaryimage\",\"url\":\"https:\/\/blog.protur-hotels.com\/wp-content\/uploads\/2014\/05\/que-comer-en-almeria-roquetas-de-mar.jpg\",\"contentUrl\":\"https:\/\/blog.protur-hotels.com\/wp-content\/uploads\/2014\/05\/que-comer-en-almeria-roquetas-de-mar.jpg\",\"width\":800,\"height\":600,\"caption\":\"Qu\u00e9 comer en Almer\u00eda\"},{\"@type\":\"BreadcrumbList\",\"@id\":\"https:\/\/blog.protur-hotels.com\/fr\/ou-manger-sur-la-cote-est-de-majorque-2\/#breadcrumb\",\"itemListElement\":[{\"@type\":\"ListItem\",\"position\":1,\"name\":\"Portada\",\"item\":\"https:\/\/blog.protur-hotels.com\/\"},{\"@type\":\"ListItem\",\"position\":2,\"name\":\"O\u00f9 manger sur la c\u00f4te Est de Majorque\u00a0?\"}]},{\"@type\":\"WebSite\",\"@id\":\"https:\/\/blog.protur-hotels.com\/#website\",\"url\":\"https:\/\/blog.protur-hotels.com\/\",\"name\":\"Blog Protur Hotels\",\"description\":\"Un Blog para viajeros\",\"publisher\":{\"@id\":\"https:\/\/blog.protur-hotels.com\/#organization\"},\"potentialAction\":[{\"@type\":\"SearchAction\",\"target\":{\"@type\":\"EntryPoint\",\"urlTemplate\":\"https:\/\/blog.protur-hotels.com\/?s={search_term_string}\"},\"query-input\":{\"@type\":\"PropertyValueSpecification\",\"valueRequired\":true,\"valueName\":\"search_term_string\"}}],\"inLanguage\":\"fr-FR\"},{\"@type\":\"Organization\",\"@id\":\"https:\/\/blog.protur-hotels.com\/#organization\",\"name\":\"Blog Protur Hotels\",\"url\":\"https:\/\/blog.protur-hotels.com\/\",\"logo\":{\"@type\":\"ImageObject\",\"inLanguage\":\"fr-FR\",\"@id\":\"https:\/\/blog.protur-hotels.com\/#\/schema\/logo\/image\/\",\"url\":\"https:\/\/blog.protur-hotels.com\/wp-content\/uploads\/2020\/03\/blog-protur-hotels-mallorca.png\",\"contentUrl\":\"https:\/\/blog.protur-hotels.com\/wp-content\/uploads\/2020\/03\/blog-protur-hotels-mallorca.png\",\"width\":1422,\"height\":894,\"caption\":\"Blog Protur Hotels\"},\"image\":{\"@id\":\"https:\/\/blog.protur-hotels.com\/#\/schema\/logo\/image\/\"}},{\"@type\":\"Person\",\"@id\":\"https:\/\/blog.protur-hotels.com\/#\/schema\/person\/6eac7ca6e9a32baa4716fdd5d7358326\",\"name\":\"Protur Hotels\"}]}<\/script>\n<!-- \/ Yoast SEO plugin. -->","yoast_head_json":{"title":"O\u00f9 manger sur la c\u00f4te Est de Majorque\u00a0? - Blog Protur Hotels","description":"La c\u00f4te Est de Majorque, forte de sa grande tradition touristique, a d\u00e9velopp\u00e9 une offre gastronomique vari\u00e9e, qui int\u00e8gre tout type de propositions culinaires, depuis des restaurants couronn\u00e9s d'une \u00e9toile Michelin","robots":{"index":"index","follow":"follow","max-snippet":"max-snippet:-1","max-image-preview":"max-image-preview:large","max-video-preview":"max-video-preview:-1"},"canonical":"https:\/\/blog.protur-hotels.com\/fr\/ou-manger-sur-la-cote-est-de-majorque-2\/","og_locale":"fr_FR","og_type":"article","og_title":"O\u00f9 manger sur la c\u00f4te Est de Majorque\u00a0? - Blog Protur Hotels","og_description":"La c\u00f4te Est de Majorque, forte de sa grande tradition touristique, a d\u00e9velopp\u00e9 une offre gastronomique vari\u00e9e, qui int\u00e8gre tout type de propositions culinaires, depuis des restaurants couronn\u00e9s d'une \u00e9toile Michelin","og_url":"https:\/\/blog.protur-hotels.com\/fr\/ou-manger-sur-la-cote-est-de-majorque-2\/","og_site_name":"Blog Protur Hotels","article_published_time":"2014-07-11T00:00:00+00:00","article_modified_time":"2016-03-10T21:13:27+00:00","og_image":[{"width":800,"height":600,"url":"https:\/\/blog.protur-hotels.com\/wp-content\/uploads\/2014\/05\/que-comer-en-almeria-roquetas-de-mar.jpg","type":"image\/jpeg"}],"author":"Protur Hotels","twitter_card":"summary_large_image","twitter_misc":{"\u00c9crit par":"Protur Hotels","Dur\u00e9e de lecture estim\u00e9e":"1 minute"},"schema":{"@context":"https:\/\/schema.org","@graph":[{"@type":"Article","@id":"https:\/\/blog.protur-hotels.com\/fr\/ou-manger-sur-la-cote-est-de-majorque-2\/#article","isPartOf":{"@id":"https:\/\/blog.protur-hotels.com\/fr\/ou-manger-sur-la-cote-est-de-majorque-2\/"},"author":{"name":"Protur Hotels","@id":"https:\/\/blog.protur-hotels.com\/#\/schema\/person\/6eac7ca6e9a32baa4716fdd5d7358326"},"headline":"O\u00f9 manger sur la c\u00f4te Est de Majorque\u00a0?","datePublished":"2014-07-11T00:00:00+00:00","dateModified":"2016-03-10T21:13:27+00:00","mainEntityOfPage":{"@id":"https:\/\/blog.protur-hotels.com\/fr\/ou-manger-sur-la-cote-est-de-majorque-2\/"},"wordCount":283,"publisher":{"@id":"https:\/\/blog.protur-hotels.com\/#organization"},"image":{"@id":"https:\/\/blog.protur-hotels.com\/fr\/ou-manger-sur-la-cote-est-de-majorque-2\/#primaryimage"},"thumbnailUrl":"https:\/\/blog.protur-hotels.com\/wp-content\/uploads\/2014\/05\/que-comer-en-almeria-roquetas-de-mar.jpg","articleSection":["Gastronomie","Majorque"],"inLanguage":"fr-FR"},{"@type":"WebPage","@id":"https:\/\/blog.protur-hotels.com\/fr\/ou-manger-sur-la-cote-est-de-majorque-2\/","url":"https:\/\/blog.protur-hotels.com\/fr\/ou-manger-sur-la-cote-est-de-majorque-2\/","name":"O\u00f9 manger sur la c\u00f4te Est de Majorque\u00a0? - Blog Protur Hotels","isPartOf":{"@id":"https:\/\/blog.protur-hotels.com\/#website"},"primaryImageOfPage":{"@id":"https:\/\/blog.protur-hotels.com\/fr\/ou-manger-sur-la-cote-est-de-majorque-2\/#primaryimage"},"image":{"@id":"https:\/\/blog.protur-hotels.com\/fr\/ou-manger-sur-la-cote-est-de-majorque-2\/#primaryimage"},"thumbnailUrl":"https:\/\/blog.protur-hotels.com\/wp-content\/uploads\/2014\/05\/que-comer-en-almeria-roquetas-de-mar.jpg","datePublished":"2014-07-11T00:00:00+00:00","dateModified":"2016-03-10T21:13:27+00:00","description":"La c\u00f4te Est de Majorque, forte de sa grande tradition touristique, a d\u00e9velopp\u00e9 une offre gastronomique vari\u00e9e, qui int\u00e8gre tout type de propositions culinaires, depuis des restaurants couronn\u00e9s d'une \u00e9toile Michelin","breadcrumb":{"@id":"https:\/\/blog.protur-hotels.com\/fr\/ou-manger-sur-la-cote-est-de-majorque-2\/#breadcrumb"},"inLanguage":"fr-FR","potentialAction":[{"@type":"ReadAction","target":["https:\/\/blog.protur-hotels.com\/fr\/ou-manger-sur-la-cote-est-de-majorque-2\/"]}]},{"@type":"ImageObject","inLanguage":"fr-FR","@id":"https:\/\/blog.protur-hotels.com\/fr\/ou-manger-sur-la-cote-est-de-majorque-2\/#primaryimage","url":"https:\/\/blog.protur-hotels.com\/wp-content\/uploads\/2014\/05\/que-comer-en-almeria-roquetas-de-mar.jpg","contentUrl":"https:\/\/blog.protur-hotels.com\/wp-content\/uploads\/2014\/05\/que-comer-en-almeria-roquetas-de-mar.jpg","width":800,"height":600,"caption":"Qu\u00e9 comer en Almer\u00eda"},{"@type":"BreadcrumbList","@id":"https:\/\/blog.protur-hotels.com\/fr\/ou-manger-sur-la-cote-est-de-majorque-2\/#breadcrumb","itemListElement":[{"@type":"ListItem","position":1,"name":"Portada","item":"https:\/\/blog.protur-hotels.com\/"},{"@type":"ListItem","position":2,"name":"O\u00f9 manger sur la c\u00f4te Est de Majorque\u00a0?"}]},{"@type":"WebSite","@id":"https:\/\/blog.protur-hotels.com\/#website","url":"https:\/\/blog.protur-hotels.com\/","name":"Blog Protur Hotels","description":"Un Blog para viajeros","publisher":{"@id":"https:\/\/blog.protur-hotels.com\/#organization"},"potentialAction":[{"@type":"SearchAction","target":{"@type":"EntryPoint","urlTemplate":"https:\/\/blog.protur-hotels.com\/?s={search_term_string}"},"query-input":{"@type":"PropertyValueSpecification","valueRequired":true,"valueName":"search_term_string"}}],"inLanguage":"fr-FR"},{"@type":"Organization","@id":"https:\/\/blog.protur-hotels.com\/#organization","name":"Blog Protur Hotels","url":"https:\/\/blog.protur-hotels.com\/","logo":{"@type":"ImageObject","inLanguage":"fr-FR","@id":"https:\/\/blog.protur-hotels.com\/#\/schema\/logo\/image\/","url":"https:\/\/blog.protur-hotels.com\/wp-content\/uploads\/2020\/03\/blog-protur-hotels-mallorca.png","contentUrl":"https:\/\/blog.protur-hotels.com\/wp-content\/uploads\/2020\/03\/blog-protur-hotels-mallorca.png","width":1422,"height":894,"caption":"Blog Protur Hotels"},"image":{"@id":"https:\/\/blog.protur-hotels.com\/#\/schema\/logo\/image\/"}},{"@type":"Person","@id":"https:\/\/blog.protur-hotels.com\/#\/schema\/person\/6eac7ca6e9a32baa4716fdd5d7358326","name":"Protur Hotels"}]}},"_links":{"self":[{"href":"https:\/\/blog.protur-hotels.com\/fr\/wp-json\/wp\/v2\/posts\/858","targetHints":{"allow":["GET"]}}],"collection":[{"href":"https:\/\/blog.protur-hotels.com\/fr\/wp-json\/wp\/v2\/posts"}],"about":[{"href":"https:\/\/blog.protur-hotels.com\/fr\/wp-json\/wp\/v2\/types\/post"}],"author":[{"embeddable":true,"href":"https:\/\/blog.protur-hotels.com\/fr\/wp-json\/wp\/v2\/users\/3"}],"replies":[{"embeddable":true,"href":"https:\/\/blog.protur-hotels.com\/fr\/wp-json\/wp\/v2\/comments?post=858"}],"version-history":[{"count":0,"href":"https:\/\/blog.protur-hotels.com\/fr\/wp-json\/wp\/v2\/posts\/858\/revisions"}],"wp:featuredmedia":[{"embeddable":true,"href":"https:\/\/blog.protur-hotels.com\/fr\/wp-json\/wp\/v2\/media\/1335"}],"wp:attachment":[{"href":"https:\/\/blog.protur-hotels.com\/fr\/wp-json\/wp\/v2\/media?parent=858"}],"wp:term":[{"taxonomy":"category","embeddable":true,"href":"https:\/\/blog.protur-hotels.com\/fr\/wp-json\/wp\/v2\/categories?post=858"},{"taxonomy":"post_tag","embeddable":true,"href":"https:\/\/blog.protur-hotels.com\/fr\/wp-json\/wp\/v2\/tags?post=858"}],"curies":[{"name":"wp","href":"https:\/\/api.w.org\/{rel}","templated":true}]}}