{"id":908,"date":"2014-09-12T00:00:00","date_gmt":"2014-09-12T00:00:00","guid":{"rendered":"https:\/\/blog.protur-hotels.com\/la-mode-des-hotels-gastronomiques\/"},"modified":"2016-03-10T17:27:01","modified_gmt":"2016-03-10T17:27:01","slug":"la-mode-des-hotels-gastronomiques-2","status":"publish","type":"post","link":"https:\/\/blog.protur-hotels.com\/fr\/la-mode-des-hotels-gastronomiques-2\/","title":{"rendered":"La mode des h\u00f4tels gastronomiques"},"content":{"rendered":"<p>Si vous avez pr\u00e9vu de passer votre <strong>\u00e9t\u00e9 2014 \u00e0 Majorque<\/strong>, Protur Hotels vous propose une escapade gastronomique dans l\u2019un des <a href=\"http:\/\/protur-hotels.com\/fr\/vacances\/gourmet-hotel\"><u>meilleurs h\u00f4tels gastronomiques de Majorque<\/u><\/a>. En plus de l\u2019incontournable Show Cooking, vous pourrez d\u00e9couvrir de d\u00e9licieux plats 5 \u00e9toiles dans des restaurants uniques, o\u00f9 est servie une cuisine traditionnelle m\u00e9diterran\u00e9enne revisit\u00e9e.<\/p>\n<p>Tous nos <a href=\"http:\/\/protur-hotels.com\/fr\/hotels-a-majorque\"><u>h\u00f4tels \u00e0 Majorque<\/u><\/a> proposent un <strong>petit-d\u00e9jeuner buffet <\/strong>complet et vari\u00e9, des d\u00eeners th\u00e9matiques, quelques uns des plats typiques de la r\u00e9gion ainsi que de d\u00e9licieux mets internationaux pour le d\u00e9jeuner. Certains de nos restaurants proposent un v\u00e9ritable voyage culinaire gr\u00e2ce \u00e0 leurs menus innovants qui vous feront red\u00e9couvrir les <strong>saveurs de l\u2019Italie, de l\u2019Inde et de l\u2019Asie<\/strong>.<\/p>\n<p>Nos restaurants \u00e0 la carte \u00e0 Sa Coma, Cala Millor et Cala Bona feront le bonheur des <strong>fins gourmets<\/strong>: le chef <strong>Sebasti\u00e0 Bonet <\/strong>de la<a href=\"http:\/\/protur-hotels.com\/fr\/hotels-a-majorque\/residencia-son-floriana-restaurante\"><u> R\u00e9sidence Restaurant Son Floriana \u00e0 Cala Bona<\/u><\/a>met sa cr\u00e9ativit\u00e9 au service d\u2019une cuisine raffin\u00e9e dans un cadre plein de charme. Entre Cala Millor et Sa Coma, <strong>David Deop<\/strong> se charge de g\u00e9rer d\u2019une main de ma\u00eetre les 4 restaurants des h\u00f4tels et apparth\u00f4tels du Levant majorquin.<\/p>\n<p>Et avec son <strong>\u00e9toile Michelin<\/strong> flambant neuve, le <strong>Chef Tomeu Caldentey<\/strong> vous accueille au c\u00e9l\u00e8bre <a href=\"http:\/\/protur-hotels.com\/fr\/offer-sheet\/301\"><u>Es Mol\u00ed d\u2019en Bou<\/u><\/a>, o\u00f9 il revisite les classiques de la cuisine majorquine avec des saveurs aussi d\u00e9licieuses qu\u2019innatendues.<\/p>\n<p>Profitez de la meilleure <strong>escapade gastronomique \u00e0 Majorque avec les <\/strong><a href=\"http:\/\/protur-hotels.com\/fr\"><u><strong>H\u00f4tels Protur.<\/strong><\/u><\/a><\/p>\n","protected":false},"excerpt":{"rendered":"<p>Si vous avez pr\u00e9vu de passer votre \u00e9t\u00e9 2014 \u00e0 Majorque, Protur Hotels vous propose une escapade gastronomique dans l\u2019un des meilleurs h\u00f4tels gastronomiques de Majorque<\/p>\n","protected":false},"author":3,"featured_media":1310,"comment_status":"open","ping_status":"open","sticky":false,"template":"","format":"standard","meta":{"_lmt_disableupdate":"","_lmt_disable":"","footnotes":""},"categories":[114,122],"tags":[],"class_list":["post-908","post","type-post","status-publish","format-standard","has-post-thumbnail","hentry","category-gastronomia-fr","category-protur-hotels-fr"],"yoast_head":"<!-- This site is optimized with the Yoast SEO plugin v26.6 - https:\/\/yoast.com\/wordpress\/plugins\/seo\/ -->\n<title>La mode des h\u00f4tels gastronomiques - Blog Protur Hotels<\/title>\n<meta name=\"description\" content=\"Si vous avez pr\u00e9vu de passer votre \u00e9t\u00e9 2014 \u00e0 Majorque, Protur Hotels vous propose une escapade gastronomique dans l\u2019un des meilleurs h\u00f4tels gastronomiques de Majorque\" \/>\n<meta name=\"robots\" content=\"index, follow, max-snippet:-1, max-image-preview:large, max-video-preview:-1\" \/>\n<link rel=\"canonical\" href=\"https:\/\/blog.protur-hotels.com\/fr\/la-mode-des-hotels-gastronomiques-2\/\" \/>\n<meta property=\"og:locale\" content=\"fr_FR\" \/>\n<meta property=\"og:type\" content=\"article\" \/>\n<meta property=\"og:title\" content=\"La mode des h\u00f4tels gastronomiques - Blog Protur Hotels\" \/>\n<meta property=\"og:description\" content=\"Si vous avez pr\u00e9vu de passer votre \u00e9t\u00e9 2014 \u00e0 Majorque, Protur Hotels vous propose une escapade gastronomique dans l\u2019un des meilleurs h\u00f4tels gastronomiques de Majorque\" \/>\n<meta property=\"og:url\" content=\"https:\/\/blog.protur-hotels.com\/fr\/la-mode-des-hotels-gastronomiques-2\/\" \/>\n<meta property=\"og:site_name\" content=\"Blog Protur Hotels\" \/>\n<meta property=\"article:published_time\" content=\"2014-09-12T00:00:00+00:00\" \/>\n<meta property=\"article:modified_time\" content=\"2016-03-10T17:27:01+00:00\" \/>\n<meta property=\"og:image\" content=\"https:\/\/blog.protur-hotels.com\/wp-content\/uploads\/2014\/05\/donde-comer-en-la-costa-este-de-mallorca.jpg\" \/>\n\t<meta property=\"og:image:width\" content=\"800\" \/>\n\t<meta property=\"og:image:height\" content=\"600\" \/>\n\t<meta property=\"og:image:type\" content=\"image\/jpeg\" \/>\n<meta name=\"author\" content=\"Protur Hotels\" \/>\n<meta name=\"twitter:card\" content=\"summary_large_image\" \/>\n<meta name=\"twitter:label1\" content=\"\u00c9crit par\" \/>\n\t<meta name=\"twitter:data1\" content=\"Protur Hotels\" \/>\n\t<meta name=\"twitter:label2\" content=\"Dur\u00e9e de lecture estim\u00e9e\" \/>\n\t<meta name=\"twitter:data2\" content=\"1 minute\" \/>\n<script type=\"application\/ld+json\" class=\"yoast-schema-graph\">{\"@context\":\"https:\/\/schema.org\",\"@graph\":[{\"@type\":\"Article\",\"@id\":\"https:\/\/blog.protur-hotels.com\/fr\/la-mode-des-hotels-gastronomiques-2\/#article\",\"isPartOf\":{\"@id\":\"https:\/\/blog.protur-hotels.com\/fr\/la-mode-des-hotels-gastronomiques-2\/\"},\"author\":{\"name\":\"Protur Hotels\",\"@id\":\"https:\/\/blog.protur-hotels.com\/#\/schema\/person\/6eac7ca6e9a32baa4716fdd5d7358326\"},\"headline\":\"La mode des h\u00f4tels gastronomiques\",\"datePublished\":\"2014-09-12T00:00:00+00:00\",\"dateModified\":\"2016-03-10T17:27:01+00:00\",\"mainEntityOfPage\":{\"@id\":\"https:\/\/blog.protur-hotels.com\/fr\/la-mode-des-hotels-gastronomiques-2\/\"},\"wordCount\":262,\"commentCount\":0,\"publisher\":{\"@id\":\"https:\/\/blog.protur-hotels.com\/#organization\"},\"image\":{\"@id\":\"https:\/\/blog.protur-hotels.com\/fr\/la-mode-des-hotels-gastronomiques-2\/#primaryimage\"},\"thumbnailUrl\":\"https:\/\/blog.protur-hotels.com\/wp-content\/uploads\/2014\/05\/donde-comer-en-la-costa-este-de-mallorca.jpg\",\"articleSection\":[\"Gastronomie\",\"Protur Hotels\"],\"inLanguage\":\"fr-FR\"},{\"@type\":\"WebPage\",\"@id\":\"https:\/\/blog.protur-hotels.com\/fr\/la-mode-des-hotels-gastronomiques-2\/\",\"url\":\"https:\/\/blog.protur-hotels.com\/fr\/la-mode-des-hotels-gastronomiques-2\/\",\"name\":\"La mode des h\u00f4tels gastronomiques - Blog Protur Hotels\",\"isPartOf\":{\"@id\":\"https:\/\/blog.protur-hotels.com\/#website\"},\"primaryImageOfPage\":{\"@id\":\"https:\/\/blog.protur-hotels.com\/fr\/la-mode-des-hotels-gastronomiques-2\/#primaryimage\"},\"image\":{\"@id\":\"https:\/\/blog.protur-hotels.com\/fr\/la-mode-des-hotels-gastronomiques-2\/#primaryimage\"},\"thumbnailUrl\":\"https:\/\/blog.protur-hotels.com\/wp-content\/uploads\/2014\/05\/donde-comer-en-la-costa-este-de-mallorca.jpg\",\"datePublished\":\"2014-09-12T00:00:00+00:00\",\"dateModified\":\"2016-03-10T17:27:01+00:00\",\"description\":\"Si vous avez pr\u00e9vu de passer votre \u00e9t\u00e9 2014 \u00e0 Majorque, Protur Hotels vous propose une escapade gastronomique dans l\u2019un des meilleurs h\u00f4tels gastronomiques de Majorque\",\"breadcrumb\":{\"@id\":\"https:\/\/blog.protur-hotels.com\/fr\/la-mode-des-hotels-gastronomiques-2\/#breadcrumb\"},\"inLanguage\":\"fr-FR\",\"potentialAction\":[{\"@type\":\"ReadAction\",\"target\":[\"https:\/\/blog.protur-hotels.com\/fr\/la-mode-des-hotels-gastronomiques-2\/\"]}]},{\"@type\":\"ImageObject\",\"inLanguage\":\"fr-FR\",\"@id\":\"https:\/\/blog.protur-hotels.com\/fr\/la-mode-des-hotels-gastronomiques-2\/#primaryimage\",\"url\":\"https:\/\/blog.protur-hotels.com\/wp-content\/uploads\/2014\/05\/donde-comer-en-la-costa-este-de-mallorca.jpg\",\"contentUrl\":\"https:\/\/blog.protur-hotels.com\/wp-content\/uploads\/2014\/05\/donde-comer-en-la-costa-este-de-mallorca.jpg\",\"width\":800,\"height\":600,\"caption\":\"La moda de los hoteles gourmet\"},{\"@type\":\"BreadcrumbList\",\"@id\":\"https:\/\/blog.protur-hotels.com\/fr\/la-mode-des-hotels-gastronomiques-2\/#breadcrumb\",\"itemListElement\":[{\"@type\":\"ListItem\",\"position\":1,\"name\":\"Portada\",\"item\":\"https:\/\/blog.protur-hotels.com\/\"},{\"@type\":\"ListItem\",\"position\":2,\"name\":\"La mode des h\u00f4tels gastronomiques\"}]},{\"@type\":\"WebSite\",\"@id\":\"https:\/\/blog.protur-hotels.com\/#website\",\"url\":\"https:\/\/blog.protur-hotels.com\/\",\"name\":\"Blog Protur Hotels\",\"description\":\"Un Blog para viajeros\",\"publisher\":{\"@id\":\"https:\/\/blog.protur-hotels.com\/#organization\"},\"potentialAction\":[{\"@type\":\"SearchAction\",\"target\":{\"@type\":\"EntryPoint\",\"urlTemplate\":\"https:\/\/blog.protur-hotels.com\/?s={search_term_string}\"},\"query-input\":{\"@type\":\"PropertyValueSpecification\",\"valueRequired\":true,\"valueName\":\"search_term_string\"}}],\"inLanguage\":\"fr-FR\"},{\"@type\":\"Organization\",\"@id\":\"https:\/\/blog.protur-hotels.com\/#organization\",\"name\":\"Blog Protur Hotels\",\"url\":\"https:\/\/blog.protur-hotels.com\/\",\"logo\":{\"@type\":\"ImageObject\",\"inLanguage\":\"fr-FR\",\"@id\":\"https:\/\/blog.protur-hotels.com\/#\/schema\/logo\/image\/\",\"url\":\"https:\/\/blog.protur-hotels.com\/wp-content\/uploads\/2020\/03\/blog-protur-hotels-mallorca.png\",\"contentUrl\":\"https:\/\/blog.protur-hotels.com\/wp-content\/uploads\/2020\/03\/blog-protur-hotels-mallorca.png\",\"width\":1422,\"height\":894,\"caption\":\"Blog Protur Hotels\"},\"image\":{\"@id\":\"https:\/\/blog.protur-hotels.com\/#\/schema\/logo\/image\/\"}},{\"@type\":\"Person\",\"@id\":\"https:\/\/blog.protur-hotels.com\/#\/schema\/person\/6eac7ca6e9a32baa4716fdd5d7358326\",\"name\":\"Protur Hotels\"}]}<\/script>\n<!-- \/ Yoast SEO plugin. -->","yoast_head_json":{"title":"La mode des h\u00f4tels gastronomiques - Blog Protur Hotels","description":"Si vous avez pr\u00e9vu de passer votre \u00e9t\u00e9 2014 \u00e0 Majorque, Protur Hotels vous propose une escapade gastronomique dans l\u2019un des meilleurs h\u00f4tels gastronomiques de Majorque","robots":{"index":"index","follow":"follow","max-snippet":"max-snippet:-1","max-image-preview":"max-image-preview:large","max-video-preview":"max-video-preview:-1"},"canonical":"https:\/\/blog.protur-hotels.com\/fr\/la-mode-des-hotels-gastronomiques-2\/","og_locale":"fr_FR","og_type":"article","og_title":"La mode des h\u00f4tels gastronomiques - Blog Protur Hotels","og_description":"Si vous avez pr\u00e9vu de passer votre \u00e9t\u00e9 2014 \u00e0 Majorque, Protur Hotels vous propose une escapade gastronomique dans l\u2019un des meilleurs h\u00f4tels gastronomiques de Majorque","og_url":"https:\/\/blog.protur-hotels.com\/fr\/la-mode-des-hotels-gastronomiques-2\/","og_site_name":"Blog Protur Hotels","article_published_time":"2014-09-12T00:00:00+00:00","article_modified_time":"2016-03-10T17:27:01+00:00","og_image":[{"width":800,"height":600,"url":"https:\/\/blog.protur-hotels.com\/wp-content\/uploads\/2014\/05\/donde-comer-en-la-costa-este-de-mallorca.jpg","type":"image\/jpeg"}],"author":"Protur Hotels","twitter_card":"summary_large_image","twitter_misc":{"\u00c9crit par":"Protur Hotels","Dur\u00e9e de lecture estim\u00e9e":"1 minute"},"schema":{"@context":"https:\/\/schema.org","@graph":[{"@type":"Article","@id":"https:\/\/blog.protur-hotels.com\/fr\/la-mode-des-hotels-gastronomiques-2\/#article","isPartOf":{"@id":"https:\/\/blog.protur-hotels.com\/fr\/la-mode-des-hotels-gastronomiques-2\/"},"author":{"name":"Protur Hotels","@id":"https:\/\/blog.protur-hotels.com\/#\/schema\/person\/6eac7ca6e9a32baa4716fdd5d7358326"},"headline":"La mode des h\u00f4tels gastronomiques","datePublished":"2014-09-12T00:00:00+00:00","dateModified":"2016-03-10T17:27:01+00:00","mainEntityOfPage":{"@id":"https:\/\/blog.protur-hotels.com\/fr\/la-mode-des-hotels-gastronomiques-2\/"},"wordCount":262,"commentCount":0,"publisher":{"@id":"https:\/\/blog.protur-hotels.com\/#organization"},"image":{"@id":"https:\/\/blog.protur-hotels.com\/fr\/la-mode-des-hotels-gastronomiques-2\/#primaryimage"},"thumbnailUrl":"https:\/\/blog.protur-hotels.com\/wp-content\/uploads\/2014\/05\/donde-comer-en-la-costa-este-de-mallorca.jpg","articleSection":["Gastronomie","Protur Hotels"],"inLanguage":"fr-FR"},{"@type":"WebPage","@id":"https:\/\/blog.protur-hotels.com\/fr\/la-mode-des-hotels-gastronomiques-2\/","url":"https:\/\/blog.protur-hotels.com\/fr\/la-mode-des-hotels-gastronomiques-2\/","name":"La mode des h\u00f4tels gastronomiques - Blog Protur Hotels","isPartOf":{"@id":"https:\/\/blog.protur-hotels.com\/#website"},"primaryImageOfPage":{"@id":"https:\/\/blog.protur-hotels.com\/fr\/la-mode-des-hotels-gastronomiques-2\/#primaryimage"},"image":{"@id":"https:\/\/blog.protur-hotels.com\/fr\/la-mode-des-hotels-gastronomiques-2\/#primaryimage"},"thumbnailUrl":"https:\/\/blog.protur-hotels.com\/wp-content\/uploads\/2014\/05\/donde-comer-en-la-costa-este-de-mallorca.jpg","datePublished":"2014-09-12T00:00:00+00:00","dateModified":"2016-03-10T17:27:01+00:00","description":"Si vous avez pr\u00e9vu de passer votre \u00e9t\u00e9 2014 \u00e0 Majorque, Protur Hotels vous propose une escapade gastronomique dans l\u2019un des meilleurs h\u00f4tels gastronomiques de Majorque","breadcrumb":{"@id":"https:\/\/blog.protur-hotels.com\/fr\/la-mode-des-hotels-gastronomiques-2\/#breadcrumb"},"inLanguage":"fr-FR","potentialAction":[{"@type":"ReadAction","target":["https:\/\/blog.protur-hotels.com\/fr\/la-mode-des-hotels-gastronomiques-2\/"]}]},{"@type":"ImageObject","inLanguage":"fr-FR","@id":"https:\/\/blog.protur-hotels.com\/fr\/la-mode-des-hotels-gastronomiques-2\/#primaryimage","url":"https:\/\/blog.protur-hotels.com\/wp-content\/uploads\/2014\/05\/donde-comer-en-la-costa-este-de-mallorca.jpg","contentUrl":"https:\/\/blog.protur-hotels.com\/wp-content\/uploads\/2014\/05\/donde-comer-en-la-costa-este-de-mallorca.jpg","width":800,"height":600,"caption":"La moda de los hoteles gourmet"},{"@type":"BreadcrumbList","@id":"https:\/\/blog.protur-hotels.com\/fr\/la-mode-des-hotels-gastronomiques-2\/#breadcrumb","itemListElement":[{"@type":"ListItem","position":1,"name":"Portada","item":"https:\/\/blog.protur-hotels.com\/"},{"@type":"ListItem","position":2,"name":"La mode des h\u00f4tels gastronomiques"}]},{"@type":"WebSite","@id":"https:\/\/blog.protur-hotels.com\/#website","url":"https:\/\/blog.protur-hotels.com\/","name":"Blog Protur Hotels","description":"Un Blog para viajeros","publisher":{"@id":"https:\/\/blog.protur-hotels.com\/#organization"},"potentialAction":[{"@type":"SearchAction","target":{"@type":"EntryPoint","urlTemplate":"https:\/\/blog.protur-hotels.com\/?s={search_term_string}"},"query-input":{"@type":"PropertyValueSpecification","valueRequired":true,"valueName":"search_term_string"}}],"inLanguage":"fr-FR"},{"@type":"Organization","@id":"https:\/\/blog.protur-hotels.com\/#organization","name":"Blog Protur Hotels","url":"https:\/\/blog.protur-hotels.com\/","logo":{"@type":"ImageObject","inLanguage":"fr-FR","@id":"https:\/\/blog.protur-hotels.com\/#\/schema\/logo\/image\/","url":"https:\/\/blog.protur-hotels.com\/wp-content\/uploads\/2020\/03\/blog-protur-hotels-mallorca.png","contentUrl":"https:\/\/blog.protur-hotels.com\/wp-content\/uploads\/2020\/03\/blog-protur-hotels-mallorca.png","width":1422,"height":894,"caption":"Blog Protur Hotels"},"image":{"@id":"https:\/\/blog.protur-hotels.com\/#\/schema\/logo\/image\/"}},{"@type":"Person","@id":"https:\/\/blog.protur-hotels.com\/#\/schema\/person\/6eac7ca6e9a32baa4716fdd5d7358326","name":"Protur Hotels"}]}},"_links":{"self":[{"href":"https:\/\/blog.protur-hotels.com\/fr\/wp-json\/wp\/v2\/posts\/908","targetHints":{"allow":["GET"]}}],"collection":[{"href":"https:\/\/blog.protur-hotels.com\/fr\/wp-json\/wp\/v2\/posts"}],"about":[{"href":"https:\/\/blog.protur-hotels.com\/fr\/wp-json\/wp\/v2\/types\/post"}],"author":[{"embeddable":true,"href":"https:\/\/blog.protur-hotels.com\/fr\/wp-json\/wp\/v2\/users\/3"}],"replies":[{"embeddable":true,"href":"https:\/\/blog.protur-hotels.com\/fr\/wp-json\/wp\/v2\/comments?post=908"}],"version-history":[{"count":0,"href":"https:\/\/blog.protur-hotels.com\/fr\/wp-json\/wp\/v2\/posts\/908\/revisions"}],"wp:featuredmedia":[{"embeddable":true,"href":"https:\/\/blog.protur-hotels.com\/fr\/wp-json\/wp\/v2\/media\/1310"}],"wp:attachment":[{"href":"https:\/\/blog.protur-hotels.com\/fr\/wp-json\/wp\/v2\/media?parent=908"}],"wp:term":[{"taxonomy":"category","embeddable":true,"href":"https:\/\/blog.protur-hotels.com\/fr\/wp-json\/wp\/v2\/categories?post=908"},{"taxonomy":"post_tag","embeddable":true,"href":"https:\/\/blog.protur-hotels.com\/fr\/wp-json\/wp\/v2\/tags?post=908"}],"curies":[{"name":"wp","href":"https:\/\/api.w.org\/{rel}","templated":true}]}}